{"id":6660,"date":"2026-04-27T11:00:00","date_gmt":"2026-04-27T09:00:00","guid":{"rendered":"https:\/\/ikono.global\/blog\/?p=6660"},"modified":"2026-04-27T09:15:34","modified_gmt":"2026-04-27T07:15:34","slug":"una-experiencia-de-dia-de-la-mare-diferent-a-ikono","status":"publish","type":"post","link":"https:\/\/ikono.global\/blog\/ca\/ikono\/una-experiencia-de-dia-de-la-mare-diferent-a-ikono\/","title":{"rendered":"Una experi\u00e8ncia de Dia de la Mare diferent a IKONO"},"content":{"rendered":"\n<p>Pensa en la primera vegada que alguna cosa et va semblar realment bonica. Un color que et va fer aturar. Un detall que tothom m\u00e9s va passar per alt. La manera com queia la llum a una hora concreta del dia.<\/p>\n\n\n\n<p>Segurament, alg\u00fa et va ensenyar a parar prou per adonar-te\u2019n, encara que en aquell moment no en fossis conscient.<\/p>\n\n\n\n<p>Gran part del que ets s\u2019ha anat construint en silenci: aquesta manera de trobar humor en les petites coses, l\u2019impuls d\u2019explorar un lloc amb calma en lloc de passar-hi de pressa, la curiositat que et porta a preguntar-te com funciona alguna cosa o per qu\u00e8 \u00e9s com \u00e9s.<\/p>\n\n\n\n<p>Res d\u2019aix\u00f2 no apareix del no-res. S\u2019hereta, es transmet a trav\u00e9s d\u2019anys de moments compartits, de petits h\u00e0bits i d\u2019aquella manera tan seva d\u2019estar al m\u00f3n.<\/p>\n\n\n\n<p>El Dia de la Mare \u00e9s una oportunitat per adonar-te\u2019n, per mirar-la i recon\u00e8ixer, potser per primera vegada, que bona part de la teva capacitat d\u2019admirar-te \u00e9s, en realitat, seva.<\/p>\n\n\n\n<figure class=\"wp-block-image size-large\"><img fetchpriority=\"high\" decoding=\"async\" width=\"1024\" height=\"683\" src=\"https:\/\/ikono.global\/blog\/wp-content\/uploads\/2025\/05\/DSC00395-1024x683.jpg\" alt=\"\" class=\"wp-image-3679\" srcset=\"https:\/\/ikono.global\/blog\/wp-content\/uploads\/2025\/05\/DSC00395-1024x683.jpg 1024w, https:\/\/ikono.global\/blog\/wp-content\/uploads\/2025\/05\/DSC00395-300x200.jpg 300w, https:\/\/ikono.global\/blog\/wp-content\/uploads\/2025\/05\/DSC00395-768x512.jpg 768w, https:\/\/ikono.global\/blog\/wp-content\/uploads\/2025\/05\/DSC00395-1536x1024.jpg 1536w, https:\/\/ikono.global\/blog\/wp-content\/uploads\/2025\/05\/DSC00395-2048x1365.jpg 2048w\" sizes=\"(max-width: 1024px) 100vw, 1024px\" \/><\/figure>\n\n\n\n<h3 class=\"wp-block-heading\" id=\":r1o8:\">Descobriu-ho plegats a <a href=\"https:\/\/ikono.global\/ca\/barcelona?utm_source=blog&amp;utm_medium=link&amp;utm_campaign=Una-experi%C3%A8ncia-de-Dia-de-la-Mare-diferent-a-IKONO&amp;thm=6655\">IKONO<\/a><\/h3>\n\n\n\n<p>A <a href=\"https:\/\/ikono.global\/ca\/barcelona?utm_source=blog&amp;utm_medium=link&amp;utm_campaign=Una-experi%C3%A8ncia-de-Dia-de-la-Mare-diferent-a-IKONO&amp;thm=6655\">IKONO<\/a>, la curiositat ho \u00e9s tot. Cada espai est\u00e0 pensat per convidar-te a mirar m\u00e9s de prop, reaccionar de manera espont\u00e0nia i trobar bellesa en all\u00f2 inesperat. I el millor \u00e9s que l\u2019experi\u00e8ncia canvia segons amb qui la comparteixes.<\/p>\n\n\n\n<p>En rec\u00f3rrer-lo plegats, potser us passa una cosa curiosa: us criden l\u2019atenci\u00f3 les mateixes coses, reaccioneu de manera semblant, us fixeu en els mateixos detalls. No \u00e9s casualitat: \u00e9s tota una vida compartint mirada que es fa present en aquell instant.<\/p>\n\n\n\n<p>Aqu\u00ed no hi ha un recorregut tancat ni una manera correcta de viure-ho. Nom\u00e9s un espai per perdre\u2019s, descobrir i ser-hi de deb\u00f2 l\u2019un amb l\u2019altre, en un lloc que celebra precisament aquest tipus de meravella que ella va sembrar en tu.<\/p>\n\n\n\n<h3 class=\"wp-block-heading\" id=\":r1ne:\">La millor manera de donar les gr\u00e0cies<\/h3>\n\n\n\n<p>No tot all\u00f2 que ens forma rep reconeixement. La majoria d\u2019aquestes coses esdevenen part de qui som molt abans que pensem a mirar enrere.<\/p>\n\n\n\n<p>Aquest Dia de la Mare, fes-ho: mira enrere. I despr\u00e9s porta-la a un lloc on pugui veure tot el que la seva curiositat, la seva calidesa i la seva manera de mirar el m\u00f3n han ajudat a crear.<\/p>\n\n\n\n<p>Perqu\u00e8 el millor regal \u00e9s ensenyar-li en qui t\u2019has convertit gr\u00e0cies a ella\u2026 i passar el dia sent exactamente aix\u00f2, plegats.<\/p>\n\n\n\n<div class=\"wp-block-buttons is-layout-flex wp-block-buttons-is-layout-flex\">\n<div class=\"wp-block-button\"><a class=\"wp-block-button__link wp-element-button\" href=\"https:\/\/ikono.global\/ca\/barcelona?utm_source=blog&amp;utm_medium=link&amp;utm_campaign=Una-experi%C3%A8ncia-de-Dia-de-la-Mare-diferent-a-IKONO&amp;thm=6655\">Visit the IKONO website<\/a><\/div>\n<\/div>\n\n\n\n<div class=\"wp-block-buttons is-layout-flex wp-block-buttons-is-layout-flex\">\n<div class=\"wp-block-button\"><a class=\"wp-block-button__link wp-element-button\" href=\"https:\/\/www.instagram.com\/ikono.es\/\" target=\"_blank\" rel=\"noopener\">Follow us on Instagram<\/a><\/div>\n<\/div>\n\n\n\n<p><\/p>\n","protected":false},"excerpt":{"rendered":"<p>Pensa en la primera vegada que alguna cosa et va semblar realment bonica. Un color que et va fer aturar. Un detall que tothom m\u00e9s va passar per alt. La manera com queia la llum a una hora concreta del dia. Segurament, alg\u00fa et va ensenyar a parar prou per adonar-te\u2019n, encara que en aquell [&hellip;]<\/p>\n","protected":false},"author":3,"featured_media":3679,"comment_status":"open","ping_status":"open","sticky":false,"template":"","format":"standard","meta":{"footnotes":""},"categories":[94,70],"tags":[564,151,150],"entrada-destacada":[11],"class_list":["post-6660","post","type-post","status-publish","format-standard","has-post-thumbnail","hentry","category-ikono","category-barcelona","tag-dia-de-la-mare","tag-experiencia-immersiva","tag-ikono-7"],"_links":{"self":[{"href":"https:\/\/ikono.global\/blog\/ca\/wp-json\/wp\/v2\/posts\/6660","targetHints":{"allow":["GET"]}}],"collection":[{"href":"https:\/\/ikono.global\/blog\/ca\/wp-json\/wp\/v2\/posts"}],"about":[{"href":"https:\/\/ikono.global\/blog\/ca\/wp-json\/wp\/v2\/types\/post"}],"author":[{"embeddable":true,"href":"https:\/\/ikono.global\/blog\/ca\/wp-json\/wp\/v2\/users\/3"}],"replies":[{"embeddable":true,"href":"https:\/\/ikono.global\/blog\/ca\/wp-json\/wp\/v2\/comments?post=6660"}],"version-history":[{"count":1,"href":"https:\/\/ikono.global\/blog\/ca\/wp-json\/wp\/v2\/posts\/6660\/revisions"}],"predecessor-version":[{"id":6662,"href":"https:\/\/ikono.global\/blog\/ca\/wp-json\/wp\/v2\/posts\/6660\/revisions\/6662"}],"wp:featuredmedia":[{"embeddable":true,"href":"https:\/\/ikono.global\/blog\/ca\/wp-json\/wp\/v2\/media\/3679"}],"wp:attachment":[{"href":"https:\/\/ikono.global\/blog\/ca\/wp-json\/wp\/v2\/media?parent=6660"}],"wp:term":[{"taxonomy":"category","embeddable":true,"href":"https:\/\/ikono.global\/blog\/ca\/wp-json\/wp\/v2\/categories?post=6660"},{"taxonomy":"post_tag","embeddable":true,"href":"https:\/\/ikono.global\/blog\/ca\/wp-json\/wp\/v2\/tags?post=6660"},{"taxonomy":"entrada-destacada","embeddable":true,"href":"https:\/\/ikono.global\/blog\/ca\/wp-json\/wp\/v2\/entrada-destacada?post=6660"}],"curies":[{"name":"wp","href":"https:\/\/api.w.org\/{rel}","templated":true}]}}