{"id":6657,"date":"2026-04-27T11:00:00","date_gmt":"2026-04-27T09:00:00","guid":{"rendered":"https:\/\/ikono.global\/blog\/?p=6657"},"modified":"2026-04-27T09:06:43","modified_gmt":"2026-04-27T07:06:43","slug":"una-experiencia-diferente-del-dia-de-la-madre-en-ikono","status":"publish","type":"post","link":"https:\/\/ikono.global\/blog\/es\/ikono\/una-experiencia-diferente-del-dia-de-la-madre-en-ikono\/","title":{"rendered":"Una experiencia diferente del D\u00eda de la Madre en IKONO"},"content":{"rendered":"\n<p>Piensa en la primera vez que algo te pareci\u00f3 realmente bonito. Un color que te detuvo. Un detalle que todos los dem\u00e1s pasaron por alto. La forma en que ca\u00eda la luz a cierta hora del d\u00eda.<\/p>\n\n\n\n<p>Seguramente, alguien te ense\u00f1\u00f3 a parar lo suficiente para darte cuenta. Aunque en aquel momento no fueras consciente.<\/p>\n\n\n\n<p>Gran parte de lo que eres se ha ido construyendo en silencio. Esa forma de encontrar humor en las peque\u00f1as cosas. El impulso de explorar un lugar con calma, en lugar de pasar de largo. La curiosidad que te lleva a preguntarte c\u00f3mo funciona algo o por qu\u00e9 es como es.<\/p>\n\n\n\n<p>Nada de eso surge de la nada. Se hereda, se transmite a trav\u00e9s de a\u00f1os de momentos compartidos, de peque\u00f1os h\u00e1bitos y de la manera tan suya de estar en el mundo.<\/p>\n\n\n\n<p>El D\u00eda de la Madre es una oportunidad para verlo con claridad. Para mirarla y reconocer, quiz\u00e1 por primera vez, que gran parte de tu capacidad de asombro es, en realidad, suya.<br><\/p>\n\n\n\n<figure class=\"wp-block-image size-large\"><img fetchpriority=\"high\" decoding=\"async\" width=\"1024\" height=\"683\" src=\"https:\/\/ikono.global\/blog\/wp-content\/uploads\/2025\/05\/DSC00395-1024x683.jpg\" alt=\"\" class=\"wp-image-3685\" srcset=\"https:\/\/ikono.global\/blog\/wp-content\/uploads\/2025\/05\/DSC00395-1024x683.jpg 1024w, https:\/\/ikono.global\/blog\/wp-content\/uploads\/2025\/05\/DSC00395-300x200.jpg 300w, https:\/\/ikono.global\/blog\/wp-content\/uploads\/2025\/05\/DSC00395-768x512.jpg 768w, https:\/\/ikono.global\/blog\/wp-content\/uploads\/2025\/05\/DSC00395-1536x1024.jpg 1536w, https:\/\/ikono.global\/blog\/wp-content\/uploads\/2025\/05\/DSC00395-2048x1365.jpg 2048w\" sizes=\"(max-width: 1024px) 100vw, 1024px\" \/><\/figure>\n\n\n\n<h3 class=\"wp-block-heading\"><strong>Descubridlo juntos en&nbsp;<a href=\"https:\/\/ikono.global\/es\/madrid?utm_source=blog&amp;utm_medium=link&amp;utm_campaign=Una-experiencia-diferente-del-D%C3%ADa-de-la-Madre-en-IKONO&amp;thm=6654\">IKONO<\/a><\/strong><\/h3>\n\n\n\n<p>En&nbsp;<a href=\"https:\/\/ikono.global\/es\/madrid?utm_source=blog&amp;utm_medium=link&amp;utm_campaign=Una-experiencia-diferente-del-D%C3%ADa-de-la-Madre-en-IKONO&amp;thm=6654\">IKONO<\/a>, la curiosidad lo es todo. Cada espacio est\u00e1 pensado para invitarte a mirar m\u00e1s de cerca, reaccionar de forma espont\u00e1nea y encontrar belleza en lo inesperado. Y lo mejor es que la experiencia cambia seg\u00fan con qui\u00e9n la compartas.<\/p>\n\n\n\n<p>Al recorrerlo juntos, puede que os pase algo curioso: os llaman la atenci\u00f3n las mismas cosas. Reaccion\u00e1is de forma parecida. Os fij\u00e1is en los mismos detalles. No es casualidad, es toda una vida compartiendo mirada que aparece en ese instante.<\/p>\n\n\n\n<p>Aqu\u00ed no hay un recorrido cerrado ni una forma correcta de vivirlo. Solo un espacio para perderse, descubrir y estar presentes el uno con el otro, en un lugar que celebra precisamente ese tipo de asombro que ella sembr\u00f3 en ti.<\/p>\n\n\n\n<h3 class=\"wp-block-heading\"><strong>La mejor forma de dar las gracias<\/strong><\/h3>\n\n\n\n<p>No todo lo que nos forma recibe reconocimiento. La mayor\u00eda de esas cosas se integran en quienes somos mucho antes de que pensemos en mirar atr\u00e1s.<\/p>\n\n\n\n<p>Este D\u00eda de la Madre, hazlo. Mira atr\u00e1s. Y luego ll\u00e9vala a un lugar donde pueda ver todo lo que su curiosidad, su calidez y su forma de mirar el mundo han ayudado a crear.<\/p>\n\n\n\n<p>Porque el mejor regalo es ense\u00f1arle en qui\u00e9n te has convertido gracias a ella\u2026 y pasar el d\u00eda siendo exactamente eso, juntos.<br><\/p>\n\n\n\n<div class=\"wp-block-buttons is-layout-flex wp-block-buttons-is-layout-flex\">\n<div class=\"wp-block-button\"><a class=\"wp-block-button__link wp-element-button\" href=\"https:\/\/ikono.global\/es\/madrid?utm_source=blog&amp;utm_medium=link&amp;utm_campaign=Una-experiencia-diferente-del-D%C3%ADa-de-la-Madre-en-IKONO&amp;thm=6654\">Visit the IKONO website<\/a><\/div>\n<\/div>\n\n\n\n<div class=\"wp-block-buttons is-layout-flex wp-block-buttons-is-layout-flex\">\n<div class=\"wp-block-button\"><a class=\"wp-block-button__link wp-element-button\" href=\"https:\/\/www.instagram.com\/ikono.es\/\" target=\"_blank\" rel=\"noopener\">Follow us on Instagram<\/a><\/div>\n<\/div>\n\n\n\n<p><\/p>\n","protected":false},"excerpt":{"rendered":"<p>Piensa en la primera vez que algo te pareci\u00f3 realmente bonito. Un color que te detuvo. Un detalle que todos los dem\u00e1s pasaron por alto. La forma en que ca\u00eda la luz a cierta hora del d\u00eda. Seguramente, alguien te ense\u00f1\u00f3 a parar lo suficiente para darte cuenta. Aunque en aquel momento no fueras consciente. [&hellip;]<\/p>\n","protected":false},"author":3,"featured_media":3685,"comment_status":"open","ping_status":"open","sticky":false,"template":"","format":"standard","meta":{"footnotes":""},"categories":[25,3],"tags":[562,139,367],"entrada-destacada":[11],"class_list":["post-6657","post","type-post","status-publish","format-standard","has-post-thumbnail","hentry","category-ikono","category-madrid","tag-dia-de-la-madre","tag-experiencia-inmersiva","tag-ikono-3-es"],"_links":{"self":[{"href":"https:\/\/ikono.global\/blog\/es\/wp-json\/wp\/v2\/posts\/6657","targetHints":{"allow":["GET"]}}],"collection":[{"href":"https:\/\/ikono.global\/blog\/es\/wp-json\/wp\/v2\/posts"}],"about":[{"href":"https:\/\/ikono.global\/blog\/es\/wp-json\/wp\/v2\/types\/post"}],"author":[{"embeddable":true,"href":"https:\/\/ikono.global\/blog\/es\/wp-json\/wp\/v2\/users\/3"}],"replies":[{"embeddable":true,"href":"https:\/\/ikono.global\/blog\/es\/wp-json\/wp\/v2\/comments?post=6657"}],"version-history":[{"count":1,"href":"https:\/\/ikono.global\/blog\/es\/wp-json\/wp\/v2\/posts\/6657\/revisions"}],"predecessor-version":[{"id":6658,"href":"https:\/\/ikono.global\/blog\/es\/wp-json\/wp\/v2\/posts\/6657\/revisions\/6658"}],"wp:featuredmedia":[{"embeddable":true,"href":"https:\/\/ikono.global\/blog\/es\/wp-json\/wp\/v2\/media\/3685"}],"wp:attachment":[{"href":"https:\/\/ikono.global\/blog\/es\/wp-json\/wp\/v2\/media?parent=6657"}],"wp:term":[{"taxonomy":"category","embeddable":true,"href":"https:\/\/ikono.global\/blog\/es\/wp-json\/wp\/v2\/categories?post=6657"},{"taxonomy":"post_tag","embeddable":true,"href":"https:\/\/ikono.global\/blog\/es\/wp-json\/wp\/v2\/tags?post=6657"},{"taxonomy":"entrada-destacada","embeddable":true,"href":"https:\/\/ikono.global\/blog\/es\/wp-json\/wp\/v2\/entrada-destacada?post=6657"}],"curies":[{"name":"wp","href":"https:\/\/api.w.org\/{rel}","templated":true}]}}